{"id":151,"date":"2026-02-17T18:31:56","date_gmt":"2026-02-17T17:31:56","guid":{"rendered":"https:\/\/mellycox.de\/leichte-sprache\/?p=151"},"modified":"2026-02-17T18:32:09","modified_gmt":"2026-02-17T17:32:09","slug":"palliative-fachkraft-m-w-d-im-ambulanten-pflegedienst","status":"publish","type":"post","link":"https:\/\/mellycox.de\/leichte-sprache\/palliative-fachkraft-m-w-d-im-ambulanten-pflegedienst\/","title":{"rendered":"Palliative Fachkraft (m\/w\/d) im ambulanten Pflegedienst"},"content":{"rendered":"\n<div class=\"wp-block-group is-layout-constrained wp-block-group-is-layout-constrained\">\n<div style=\"height:200px\" aria-hidden=\"true\" class=\"wp-block-spacer\"><\/div>\n\n\n\n<h1 class=\"wp-block-heading\">Palliative Fachkraft (m\/w\/d) im ambulanten Pflegedienst<\/h1>\n\n\n\n<div style=\"height:60px\" aria-hidden=\"true\" class=\"wp-block-spacer\"><\/div>\n\n\n\n<h2 class=\"wp-block-heading\">Ihre Aufgaben<\/h2>\n\n\n\n<ul class=\"wp-block-list\">\n<li>Fachgerechte palliative Pflege und Betreuung von Patient:innen im h\u00e4uslichen Umfeld<\/li>\n\n\n\n<li>Symptomkontrolle (z. B. Schmerz-, Atemnot- und Angstlinderung) in Zusammenarbeit mit \u00c4rzt:innen<\/li>\n\n\n\n<li>Individuelle Pflegeplanung und -dokumentation unter Ber\u00fccksichtigung palliativer Standards<\/li>\n\n\n\n<li>Beratung und Begleitung von Patient:innen und Angeh\u00f6rigen in Krisensituationen<\/li>\n\n\n\n<li>Kooperation mit Haus- und Fach\u00e4rzt:innen, Hospizdiensten, SAPV-Teams und weiteren Netzwerkpartnern<\/li>\n\n\n\n<li>Anleitung und Unterst\u00fctzung von Kolleg:innen im Team bei palliativen Fragestellungen<\/li>\n\n\n\n<li>Teilnahme an Fallbesprechungen und interdisziplin\u00e4ren Teambesprechungen<\/li>\n<\/ul>\n\n\n\n<div style=\"height:30px\" aria-hidden=\"true\" class=\"wp-block-spacer\"><\/div>\n\n\n\n<h2 class=\"wp-block-heading\">Ihr Profil<\/h2>\n\n\n\n<ul class=\"wp-block-list\">\n<li>Abgeschlossene Ausbildung als examinierte Pflegefachkraft (Gesundheits- und Krankenpfleger:in oder Altenpfleger:in)<\/li>\n\n\n\n<li>Zusatzqualifikation in Palliative Care oder die Bereitschaft, diese zu absolvieren<\/li>\n\n\n\n<li>Erfahrung in der ambulanten Pflege oder palliativen Versorgung w\u00fcnschenswert<\/li>\n\n\n\n<li>Hohes Ma\u00df an Empathie, Einf\u00fchlungsverm\u00f6gen und Kommunikationsst\u00e4rke<\/li>\n\n\n\n<li>Selbstst\u00e4ndige und verantwortungsbewusste Arbeitsweise<\/li>\n\n\n\n<li>F\u00fchrerschein Klasse B<\/li>\n<\/ul>\n\n\n\n<div style=\"height:30px\" aria-hidden=\"true\" class=\"wp-block-spacer\"><\/div>\n\n\n\n<h2 class=\"wp-block-heading\">Wir bieten<\/h2>\n\n\n\n<ul class=\"wp-block-list\">\n<li>Eine&nbsp;<strong>unbefristete Anstellung<\/strong>&nbsp;mit fairer, leistungsgerechter und \u00fcbertariflicher Bezahlung<\/li>\n\n\n\n<li>Familienfreundliche Dienstplanung<\/li>\n\n\n\n<li><strong>Individuelle Einarbeitung<\/strong>&nbsp;und Unterst\u00fctzung durch erfahrene Kolleg:innen<\/li>\n\n\n\n<li><strong>Fort- und Weiterbildungsm\u00f6glichkeiten<\/strong>&nbsp;zur fachlichen und pers\u00f6nlichen Entwicklung<\/li>\n\n\n\n<li>Ein&nbsp;<strong>wertsch\u00e4tzendes Betriebsklima<\/strong>&nbsp;mit offener Kommunikation<\/li>\n<\/ul>\n\n\n\n<div style=\"height:30px\" aria-hidden=\"true\" class=\"wp-block-spacer\"><\/div>\n\n\n\n<h2 class=\"wp-block-heading\">Haben wir Ihr Interesse geweckt?<\/h2>\n\n\n\n<p>Dann freuen wir uns auf Ihre Bewerbung \u2013 gerne per <a href=\"personal@mellycox.de\">E-Mail<\/a> oder \u00fcber unser Online-Formular. Werden Sie Teil von MellyCox und unterst\u00fctzen Sie unser Team mit Ihrem Engagement!<\/p>\n\n\n\n<div style=\"height:30px\" aria-hidden=\"true\" class=\"wp-block-spacer\"><\/div>\n\n\n\n<div style=\"height:100px\" aria-hidden=\"true\" class=\"wp-block-spacer\"><\/div>\n<\/div>\n","protected":false},"excerpt":{"rendered":"<p>Palliative Fachkraft (m\/w\/d) im ambulanten Pflegedienst Ihre Aufgaben Ihr Profil Wir bieten Haben wir Ihr Interesse geweckt? Dann freuen wir uns auf Ihre Bewerbung \u2013 gerne per E-Mail oder \u00fcber unser Online-Formular. Werden Sie Teil von MellyCox und unterst\u00fctzen Sie unser Team mit Ihrem Engagement!<\/p>\n","protected":false},"author":1,"featured_media":0,"comment_status":"open","ping_status":"open","sticky":false,"template":"","format":"standard","meta":{"footnotes":""},"categories":[7],"tags":[],"class_list":["post-151","post","type-post","status-publish","format-standard","hentry","category-stellenangebot"],"yoast_head":"<!-- This site is optimized with the Yoast SEO plugin v27.3 - https:\/\/yoast.com\/product\/yoast-seo-wordpress\/ -->\n<title>Palliative Fachkraft (m\/w\/d) im ambulanten Pflegedienst - MellyCox - Leichte Sprache<\/title>\n<meta name=\"robots\" content=\"index, follow, max-snippet:-1, max-image-preview:large, max-video-preview:-1\" \/>\n<link rel=\"canonical\" href=\"https:\/\/mellycox.de\/leichte-sprache\/palliative-fachkraft-m-w-d-im-ambulanten-pflegedienst\/\" \/>\n<meta property=\"og:locale\" content=\"de_DE\" \/>\n<meta property=\"og:type\" content=\"article\" \/>\n<meta property=\"og:title\" content=\"Palliative Fachkraft (m\/w\/d) im ambulanten Pflegedienst - MellyCox - Leichte Sprache\" \/>\n<meta property=\"og:description\" content=\"Palliative Fachkraft (m\/w\/d) im ambulanten Pflegedienst Ihre Aufgaben Ihr Profil Wir bieten Haben wir Ihr Interesse geweckt? Dann freuen wir uns auf Ihre Bewerbung \u2013 gerne per E-Mail oder \u00fcber unser Online-Formular. Werden Sie Teil von MellyCox und unterst\u00fctzen Sie unser Team mit Ihrem Engagement!\" \/>\n<meta property=\"og:url\" content=\"https:\/\/mellycox.de\/leichte-sprache\/palliative-fachkraft-m-w-d-im-ambulanten-pflegedienst\/\" \/>\n<meta property=\"og:site_name\" content=\"MellyCox - Leichte Sprache\" \/>\n<meta property=\"article:published_time\" content=\"2026-02-17T17:31:56+00:00\" \/>\n<meta property=\"article:modified_time\" content=\"2026-02-17T17:32:09+00:00\" \/>\n<meta name=\"author\" content=\"mellycoxadmin\" \/>\n<meta name=\"twitter:card\" content=\"summary_large_image\" \/>\n<meta name=\"twitter:label1\" content=\"Verfasst von\" \/>\n\t<meta name=\"twitter:data1\" content=\"mellycoxadmin\" \/>\n\t<meta name=\"twitter:label2\" content=\"Gesch\u00e4tzte Lesezeit\" \/>\n\t<meta name=\"twitter:data2\" content=\"1\u00a0Minute\" \/>\n<script type=\"application\/ld+json\" class=\"yoast-schema-graph\">{\"@context\":\"https:\\\/\\\/schema.org\",\"@graph\":[{\"@type\":\"Article\",\"@id\":\"https:\\\/\\\/mellycox.de\\\/leichte-sprache\\\/palliative-fachkraft-m-w-d-im-ambulanten-pflegedienst\\\/#article\",\"isPartOf\":{\"@id\":\"https:\\\/\\\/mellycox.de\\\/leichte-sprache\\\/palliative-fachkraft-m-w-d-im-ambulanten-pflegedienst\\\/\"},\"author\":{\"name\":\"mellycoxadmin\",\"@id\":\"https:\\\/\\\/mellycox.de\\\/leichte-sprache\\\/#\\\/schema\\\/person\\\/1d237d28f2286801f335df63ffcd594c\"},\"headline\":\"Palliative Fachkraft (m\\\/w\\\/d) im ambulanten Pflegedienst\",\"datePublished\":\"2026-02-17T17:31:56+00:00\",\"dateModified\":\"2026-02-17T17:32:09+00:00\",\"mainEntityOfPage\":{\"@id\":\"https:\\\/\\\/mellycox.de\\\/leichte-sprache\\\/palliative-fachkraft-m-w-d-im-ambulanten-pflegedienst\\\/\"},\"wordCount\":224,\"commentCount\":0,\"publisher\":{\"@id\":\"https:\\\/\\\/mellycox.de\\\/leichte-sprache\\\/#organization\"},\"articleSection\":[\"Stellenangebot\"],\"inLanguage\":\"de\",\"potentialAction\":[{\"@type\":\"CommentAction\",\"name\":\"Comment\",\"target\":[\"https:\\\/\\\/mellycox.de\\\/leichte-sprache\\\/palliative-fachkraft-m-w-d-im-ambulanten-pflegedienst\\\/#respond\"]}]},{\"@type\":\"WebPage\",\"@id\":\"https:\\\/\\\/mellycox.de\\\/leichte-sprache\\\/palliative-fachkraft-m-w-d-im-ambulanten-pflegedienst\\\/\",\"url\":\"https:\\\/\\\/mellycox.de\\\/leichte-sprache\\\/palliative-fachkraft-m-w-d-im-ambulanten-pflegedienst\\\/\",\"name\":\"Palliative Fachkraft (m\\\/w\\\/d) im ambulanten Pflegedienst - MellyCox - Leichte Sprache\",\"isPartOf\":{\"@id\":\"https:\\\/\\\/mellycox.de\\\/leichte-sprache\\\/#website\"},\"datePublished\":\"2026-02-17T17:31:56+00:00\",\"dateModified\":\"2026-02-17T17:32:09+00:00\",\"breadcrumb\":{\"@id\":\"https:\\\/\\\/mellycox.de\\\/leichte-sprache\\\/palliative-fachkraft-m-w-d-im-ambulanten-pflegedienst\\\/#breadcrumb\"},\"inLanguage\":\"de\",\"potentialAction\":[{\"@type\":\"ReadAction\",\"target\":[\"https:\\\/\\\/mellycox.de\\\/leichte-sprache\\\/palliative-fachkraft-m-w-d-im-ambulanten-pflegedienst\\\/\"]}]},{\"@type\":\"BreadcrumbList\",\"@id\":\"https:\\\/\\\/mellycox.de\\\/leichte-sprache\\\/palliative-fachkraft-m-w-d-im-ambulanten-pflegedienst\\\/#breadcrumb\",\"itemListElement\":[{\"@type\":\"ListItem\",\"position\":1,\"name\":\"Start\",\"item\":\"https:\\\/\\\/mellycox.de\\\/leichte-sprache\\\/\"},{\"@type\":\"ListItem\",\"position\":2,\"name\":\"Palliative Fachkraft (m\\\/w\\\/d) im ambulanten Pflegedienst\"}]},{\"@type\":\"WebSite\",\"@id\":\"https:\\\/\\\/mellycox.de\\\/leichte-sprache\\\/#website\",\"url\":\"https:\\\/\\\/mellycox.de\\\/leichte-sprache\\\/\",\"name\":\"MellyCox - Leichte Sprache\",\"description\":\"\",\"publisher\":{\"@id\":\"https:\\\/\\\/mellycox.de\\\/leichte-sprache\\\/#organization\"},\"potentialAction\":[{\"@type\":\"SearchAction\",\"target\":{\"@type\":\"EntryPoint\",\"urlTemplate\":\"https:\\\/\\\/mellycox.de\\\/leichte-sprache\\\/?s={search_term_string}\"},\"query-input\":{\"@type\":\"PropertyValueSpecification\",\"valueRequired\":true,\"valueName\":\"search_term_string\"}}],\"inLanguage\":\"de\"},{\"@type\":\"Organization\",\"@id\":\"https:\\\/\\\/mellycox.de\\\/leichte-sprache\\\/#organization\",\"name\":\"MellyCox - Leichte Sprache\",\"url\":\"https:\\\/\\\/mellycox.de\\\/leichte-sprache\\\/\",\"logo\":{\"@type\":\"ImageObject\",\"inLanguage\":\"de\",\"@id\":\"https:\\\/\\\/mellycox.de\\\/leichte-sprache\\\/#\\\/schema\\\/logo\\\/image\\\/\",\"url\":\"https:\\\/\\\/mellycox.de\\\/leichte-sprache\\\/wp-content\\\/uploads\\\/sites\\\/2\\\/2025\\\/09\\\/mellycox_Logo_2025_quer-scaled.png\",\"contentUrl\":\"https:\\\/\\\/mellycox.de\\\/leichte-sprache\\\/wp-content\\\/uploads\\\/sites\\\/2\\\/2025\\\/09\\\/mellycox_Logo_2025_quer-scaled.png\",\"width\":2560,\"height\":729,\"caption\":\"MellyCox - Leichte Sprache\"},\"image\":{\"@id\":\"https:\\\/\\\/mellycox.de\\\/leichte-sprache\\\/#\\\/schema\\\/logo\\\/image\\\/\"}},{\"@type\":\"Person\",\"@id\":\"https:\\\/\\\/mellycox.de\\\/leichte-sprache\\\/#\\\/schema\\\/person\\\/1d237d28f2286801f335df63ffcd594c\",\"name\":\"mellycoxadmin\",\"sameAs\":[\"http:\\\/\\\/mellycox.de\\\/\"],\"url\":\"https:\\\/\\\/mellycox.de\\\/leichte-sprache\\\/author\\\/mellycoxadmin\\\/\"}]}<\/script>\n<!-- \/ Yoast SEO plugin. -->","yoast_head_json":{"title":"Palliative Fachkraft (m\/w\/d) im ambulanten Pflegedienst - MellyCox - Leichte Sprache","robots":{"index":"index","follow":"follow","max-snippet":"max-snippet:-1","max-image-preview":"max-image-preview:large","max-video-preview":"max-video-preview:-1"},"canonical":"https:\/\/mellycox.de\/leichte-sprache\/palliative-fachkraft-m-w-d-im-ambulanten-pflegedienst\/","og_locale":"de_DE","og_type":"article","og_title":"Palliative Fachkraft (m\/w\/d) im ambulanten Pflegedienst - MellyCox - Leichte Sprache","og_description":"Palliative Fachkraft (m\/w\/d) im ambulanten Pflegedienst Ihre Aufgaben Ihr Profil Wir bieten Haben wir Ihr Interesse geweckt? Dann freuen wir uns auf Ihre Bewerbung \u2013 gerne per E-Mail oder \u00fcber unser Online-Formular. Werden Sie Teil von MellyCox und unterst\u00fctzen Sie unser Team mit Ihrem Engagement!","og_url":"https:\/\/mellycox.de\/leichte-sprache\/palliative-fachkraft-m-w-d-im-ambulanten-pflegedienst\/","og_site_name":"MellyCox - Leichte Sprache","article_published_time":"2026-02-17T17:31:56+00:00","article_modified_time":"2026-02-17T17:32:09+00:00","author":"mellycoxadmin","twitter_card":"summary_large_image","twitter_misc":{"Verfasst von":"mellycoxadmin","Gesch\u00e4tzte Lesezeit":"1\u00a0Minute"},"schema":{"@context":"https:\/\/schema.org","@graph":[{"@type":"Article","@id":"https:\/\/mellycox.de\/leichte-sprache\/palliative-fachkraft-m-w-d-im-ambulanten-pflegedienst\/#article","isPartOf":{"@id":"https:\/\/mellycox.de\/leichte-sprache\/palliative-fachkraft-m-w-d-im-ambulanten-pflegedienst\/"},"author":{"name":"mellycoxadmin","@id":"https:\/\/mellycox.de\/leichte-sprache\/#\/schema\/person\/1d237d28f2286801f335df63ffcd594c"},"headline":"Palliative Fachkraft (m\/w\/d) im ambulanten Pflegedienst","datePublished":"2026-02-17T17:31:56+00:00","dateModified":"2026-02-17T17:32:09+00:00","mainEntityOfPage":{"@id":"https:\/\/mellycox.de\/leichte-sprache\/palliative-fachkraft-m-w-d-im-ambulanten-pflegedienst\/"},"wordCount":224,"commentCount":0,"publisher":{"@id":"https:\/\/mellycox.de\/leichte-sprache\/#organization"},"articleSection":["Stellenangebot"],"inLanguage":"de","potentialAction":[{"@type":"CommentAction","name":"Comment","target":["https:\/\/mellycox.de\/leichte-sprache\/palliative-fachkraft-m-w-d-im-ambulanten-pflegedienst\/#respond"]}]},{"@type":"WebPage","@id":"https:\/\/mellycox.de\/leichte-sprache\/palliative-fachkraft-m-w-d-im-ambulanten-pflegedienst\/","url":"https:\/\/mellycox.de\/leichte-sprache\/palliative-fachkraft-m-w-d-im-ambulanten-pflegedienst\/","name":"Palliative Fachkraft (m\/w\/d) im ambulanten Pflegedienst - MellyCox - Leichte Sprache","isPartOf":{"@id":"https:\/\/mellycox.de\/leichte-sprache\/#website"},"datePublished":"2026-02-17T17:31:56+00:00","dateModified":"2026-02-17T17:32:09+00:00","breadcrumb":{"@id":"https:\/\/mellycox.de\/leichte-sprache\/palliative-fachkraft-m-w-d-im-ambulanten-pflegedienst\/#breadcrumb"},"inLanguage":"de","potentialAction":[{"@type":"ReadAction","target":["https:\/\/mellycox.de\/leichte-sprache\/palliative-fachkraft-m-w-d-im-ambulanten-pflegedienst\/"]}]},{"@type":"BreadcrumbList","@id":"https:\/\/mellycox.de\/leichte-sprache\/palliative-fachkraft-m-w-d-im-ambulanten-pflegedienst\/#breadcrumb","itemListElement":[{"@type":"ListItem","position":1,"name":"Start","item":"https:\/\/mellycox.de\/leichte-sprache\/"},{"@type":"ListItem","position":2,"name":"Palliative Fachkraft (m\/w\/d) im ambulanten Pflegedienst"}]},{"@type":"WebSite","@id":"https:\/\/mellycox.de\/leichte-sprache\/#website","url":"https:\/\/mellycox.de\/leichte-sprache\/","name":"MellyCox - Leichte Sprache","description":"","publisher":{"@id":"https:\/\/mellycox.de\/leichte-sprache\/#organization"},"potentialAction":[{"@type":"SearchAction","target":{"@type":"EntryPoint","urlTemplate":"https:\/\/mellycox.de\/leichte-sprache\/?s={search_term_string}"},"query-input":{"@type":"PropertyValueSpecification","valueRequired":true,"valueName":"search_term_string"}}],"inLanguage":"de"},{"@type":"Organization","@id":"https:\/\/mellycox.de\/leichte-sprache\/#organization","name":"MellyCox - Leichte Sprache","url":"https:\/\/mellycox.de\/leichte-sprache\/","logo":{"@type":"ImageObject","inLanguage":"de","@id":"https:\/\/mellycox.de\/leichte-sprache\/#\/schema\/logo\/image\/","url":"https:\/\/mellycox.de\/leichte-sprache\/wp-content\/uploads\/sites\/2\/2025\/09\/mellycox_Logo_2025_quer-scaled.png","contentUrl":"https:\/\/mellycox.de\/leichte-sprache\/wp-content\/uploads\/sites\/2\/2025\/09\/mellycox_Logo_2025_quer-scaled.png","width":2560,"height":729,"caption":"MellyCox - Leichte Sprache"},"image":{"@id":"https:\/\/mellycox.de\/leichte-sprache\/#\/schema\/logo\/image\/"}},{"@type":"Person","@id":"https:\/\/mellycox.de\/leichte-sprache\/#\/schema\/person\/1d237d28f2286801f335df63ffcd594c","name":"mellycoxadmin","sameAs":["http:\/\/mellycox.de\/"],"url":"https:\/\/mellycox.de\/leichte-sprache\/author\/mellycoxadmin\/"}]}},"_links":{"self":[{"href":"https:\/\/mellycox.de\/leichte-sprache\/wp-json\/wp\/v2\/posts\/151","targetHints":{"allow":["GET"]}}],"collection":[{"href":"https:\/\/mellycox.de\/leichte-sprache\/wp-json\/wp\/v2\/posts"}],"about":[{"href":"https:\/\/mellycox.de\/leichte-sprache\/wp-json\/wp\/v2\/types\/post"}],"author":[{"embeddable":true,"href":"https:\/\/mellycox.de\/leichte-sprache\/wp-json\/wp\/v2\/users\/1"}],"replies":[{"embeddable":true,"href":"https:\/\/mellycox.de\/leichte-sprache\/wp-json\/wp\/v2\/comments?post=151"}],"version-history":[{"count":2,"href":"https:\/\/mellycox.de\/leichte-sprache\/wp-json\/wp\/v2\/posts\/151\/revisions"}],"predecessor-version":[{"id":153,"href":"https:\/\/mellycox.de\/leichte-sprache\/wp-json\/wp\/v2\/posts\/151\/revisions\/153"}],"wp:attachment":[{"href":"https:\/\/mellycox.de\/leichte-sprache\/wp-json\/wp\/v2\/media?parent=151"}],"wp:term":[{"taxonomy":"category","embeddable":true,"href":"https:\/\/mellycox.de\/leichte-sprache\/wp-json\/wp\/v2\/categories?post=151"},{"taxonomy":"post_tag","embeddable":true,"href":"https:\/\/mellycox.de\/leichte-sprache\/wp-json\/wp\/v2\/tags?post=151"}],"curies":[{"name":"wp","href":"https:\/\/api.w.org\/{rel}","templated":true}]}}