{"id":149,"date":"2026-02-17T18:31:19","date_gmt":"2026-02-17T17:31:19","guid":{"rendered":"https:\/\/mellycox.de\/leichte-sprache\/?p=149"},"modified":"2026-02-17T18:31:19","modified_gmt":"2026-02-17T17:31:19","slug":"pflegefachkraft-m-w-d","status":"publish","type":"post","link":"https:\/\/mellycox.de\/leichte-sprache\/pflegefachkraft-m-w-d\/","title":{"rendered":"Pflegefachkraft (m\/w\/d)\u00a0"},"content":{"rendered":"\n<div class=\"wp-block-group is-layout-constrained wp-block-group-is-layout-constrained\">\n<div style=\"height:200px\" aria-hidden=\"true\" class=\"wp-block-spacer\"><\/div>\n\n\n\n<h1 class=\"wp-block-heading\">Pflegefachkraft (m\/w\/d)<\/h1>\n\n\n\n<div style=\"height:60px\" aria-hidden=\"true\" class=\"wp-block-spacer\"><\/div>\n\n\n\n<p>Wir sind ein engagierter ambulanter Pflegedienst, der pflegebed\u00fcrftige Menschen in ihrer vertrauten h\u00e4uslichen Umgebung betreut und unterst\u00fctzt. Wir arbeiten \u00fcberwiegend in Bielefelder Modellen, hier wird nicht nur auf die pflegerischen Bed\u00fcrfnisse von unseren Kund:innen eingegangen, sondern dar\u00fcber hinaus ein Quatierskonzept mit regelm\u00e4\u00dfigen Mahlzeiten und Besch\u00e4ftigungsm\u00f6glichkeiten angeboten.<\/p>\n\n\n\n<p>Unser Ziel ist es, durch fachgerechte Pflege, Einf\u00fchlungsverm\u00f6gen und Menschlichkeit die Lebensqualit\u00e4t unserer Kund:innen zu erhalten und zu f\u00f6rdern. Pers\u00f6nliche Gespr\u00e4che mit unseren Kund:innen sind ebenfalls gew\u00fcnscht. Zur Verst\u00e4rkung unseres Teams suchen wir zum n\u00e4chstm\u00f6glichen Zeitpunkt eine engagierte, motivierte&nbsp;<strong>examinierte Pflegefachkraft (m\/w\/d)<\/strong>&nbsp;in Voll- oder Teilzeit.<\/p>\n\n\n\n<div style=\"height:30px\" aria-hidden=\"true\" class=\"wp-block-spacer\"><\/div>\n\n\n\n<h2 class=\"wp-block-heading\">Ihre Aufgaben<\/h2>\n\n\n\n<ul class=\"wp-block-list\">\n<li>Durchf\u00fchrung der&nbsp;<strong>grund- und behandlungspflegerischen T\u00e4tigkeiten<\/strong>&nbsp;nach SGB V und XI<\/li>\n\n\n\n<li>Erstellung, Umsetzung und Evaluation von&nbsp;<strong>Pflegeplanungen<\/strong><\/li>\n\n\n\n<li><strong>Medikamentengabe<\/strong>,&nbsp;<strong>Injektionen<\/strong>,&nbsp;<strong>Wundversorgung<\/strong>&nbsp;und weitere behandlungspflegerische Ma\u00dfnahmen<\/li>\n\n\n\n<li><strong>Dokumentation der Pflegeleistungen<\/strong>&nbsp;gem\u00e4\u00df aktueller Standards (digital oder papierbasiert)<\/li>\n\n\n\n<li><strong>Kommunikation<\/strong>&nbsp;mit \u00c4rzt:innen, Therapeut:innen und Angeh\u00f6rigen<\/li>\n\n\n\n<li>Unterst\u00fctzung bei der&nbsp;<strong>Sicherstellung einer hohen Pflegequalit\u00e4t<\/strong>&nbsp;im Team<\/li>\n\n\n\n<li>Teilnahme an&nbsp;<strong>Teambesprechungen<\/strong>&nbsp;und regelm\u00e4\u00dfigen&nbsp;<strong>Fortbildungen<\/strong><\/li>\n<\/ul>\n\n\n\n<div style=\"height:30px\" aria-hidden=\"true\" class=\"wp-block-spacer\"><\/div>\n\n\n\n<h2 class=\"wp-block-heading\">Ihr Profil<\/h2>\n\n\n\n<ul class=\"wp-block-list\">\n<li>Abgeschlossene Ausbildung als&nbsp;<strong>Gesundheits- und Krankenpfleger:in<\/strong>,&nbsp;<strong>Altenpfleger:in<\/strong>&nbsp;oder&nbsp;<strong>Pflegefachfrau\/-mann (m\/w\/d)<\/strong><\/li>\n\n\n\n<li><strong>Idealerweise F\u00fchrerschein Klasse B<\/strong><\/li>\n\n\n\n<li>Freundliches und empathisches Auftreten gegen\u00fcber Kund:innen und Angeh\u00f6rigen<\/li>\n\n\n\n<li>Verantwortungsbewusstsein, Zuverl\u00e4ssigkeit und selbstst\u00e4ndige Arbeitsweise<\/li>\n\n\n\n<li>Freude an der Arbeit im Team und in der ambulanten Pflege<\/li>\n\n\n\n<li>Bereitschaft zur&nbsp;<strong>Schicht-, Wochenend- und Feiertagsarbeit<\/strong>&nbsp;(im Rahmen der Tourenplanung)<\/li>\n<\/ul>\n\n\n\n<div style=\"height:30px\" aria-hidden=\"true\" class=\"wp-block-spacer\"><\/div>\n\n\n\n<h2 class=\"wp-block-heading\">Wir bieten<\/h2>\n\n\n\n<ul class=\"wp-block-list\">\n<li>Eine&nbsp;<strong>unbefristete Anstellung<\/strong>&nbsp;mit fairer, leistungsgerechter und \u00fcbertariflicher Bezahlung<\/li>\n\n\n\n<li>Familienfreundliche Dienstplanung<\/li>\n\n\n\n<li><strong>Individuelle Einarbeitung<\/strong>&nbsp;und Unterst\u00fctzung durch erfahrene Kolleg:innen<\/li>\n\n\n\n<li><strong>Fort- und Weiterbildungsm\u00f6glichkeiten<\/strong>&nbsp;zur fachlichen und pers\u00f6nlichen Entwicklung<\/li>\n\n\n\n<li>Ein&nbsp;<strong>wertsch\u00e4tzendes Betriebsklima<\/strong>&nbsp;mit offener Kommunikation<\/li>\n<\/ul>\n\n\n\n<div style=\"height:30px\" aria-hidden=\"true\" class=\"wp-block-spacer\"><\/div>\n\n\n\n<h2 class=\"wp-block-heading\">Haben wir Ihr Interesse geweckt?<\/h2>\n\n\n\n<p>Dann freuen wir uns auf Ihre Bewerbung \u2013 gerne per <a href=\"mailto:personal@mellycox.de\">E-Mail<\/a> oder \u00fcber unser Online-Formular. <br>Werden Sie Teil von MellyCox und unterst\u00fctzen Sie unser Team mit Ihrem Engagement!<\/p>\n\n\n\n<div style=\"height:30px\" aria-hidden=\"true\" class=\"wp-block-spacer\"><\/div>\n\n\n\n<div style=\"height:100px\" aria-hidden=\"true\" class=\"wp-block-spacer\"><\/div>\n<\/div>\n","protected":false},"excerpt":{"rendered":"<p>Pflegefachkraft (m\/w\/d) Wir sind ein engagierter ambulanter Pflegedienst, der pflegebed\u00fcrftige Menschen in ihrer vertrauten h\u00e4uslichen Umgebung betreut und unterst\u00fctzt. Wir arbeiten \u00fcberwiegend in Bielefelder Modellen, hier wird nicht nur auf die pflegerischen Bed\u00fcrfnisse von unseren Kund:innen eingegangen, sondern dar\u00fcber hinaus ein Quatierskonzept mit regelm\u00e4\u00dfigen Mahlzeiten und Besch\u00e4ftigungsm\u00f6glichkeiten angeboten. Unser Ziel ist es, durch fachgerechte Pflege, [&hellip;]<\/p>\n","protected":false},"author":1,"featured_media":0,"comment_status":"open","ping_status":"open","sticky":false,"template":"","format":"standard","meta":{"footnotes":""},"categories":[7],"tags":[],"class_list":["post-149","post","type-post","status-publish","format-standard","hentry","category-stellenangebot"],"yoast_head":"<!-- This site is optimized with the Yoast SEO plugin v27.3 - https:\/\/yoast.com\/product\/yoast-seo-wordpress\/ -->\n<title>Pflegefachkraft (m\/w\/d)\u00a0 - MellyCox - Leichte Sprache<\/title>\n<meta name=\"robots\" content=\"index, follow, max-snippet:-1, max-image-preview:large, max-video-preview:-1\" \/>\n<link rel=\"canonical\" href=\"https:\/\/mellycox.de\/leichte-sprache\/pflegefachkraft-m-w-d\/\" \/>\n<meta property=\"og:locale\" content=\"de_DE\" \/>\n<meta property=\"og:type\" content=\"article\" \/>\n<meta property=\"og:title\" content=\"Pflegefachkraft (m\/w\/d)\u00a0 - MellyCox - Leichte Sprache\" \/>\n<meta property=\"og:description\" content=\"Pflegefachkraft (m\/w\/d) Wir sind ein engagierter ambulanter Pflegedienst, der pflegebed\u00fcrftige Menschen in ihrer vertrauten h\u00e4uslichen Umgebung betreut und unterst\u00fctzt. Wir arbeiten \u00fcberwiegend in Bielefelder Modellen, hier wird nicht nur auf die pflegerischen Bed\u00fcrfnisse von unseren Kund:innen eingegangen, sondern dar\u00fcber hinaus ein Quatierskonzept mit regelm\u00e4\u00dfigen Mahlzeiten und Besch\u00e4ftigungsm\u00f6glichkeiten angeboten. Unser Ziel ist es, durch fachgerechte Pflege, [&hellip;]\" \/>\n<meta property=\"og:url\" content=\"https:\/\/mellycox.de\/leichte-sprache\/pflegefachkraft-m-w-d\/\" \/>\n<meta property=\"og:site_name\" content=\"MellyCox - Leichte Sprache\" \/>\n<meta property=\"article:published_time\" content=\"2026-02-17T17:31:19+00:00\" \/>\n<meta name=\"author\" content=\"mellycoxadmin\" \/>\n<meta name=\"twitter:card\" content=\"summary_large_image\" \/>\n<meta name=\"twitter:label1\" content=\"Verfasst von\" \/>\n\t<meta name=\"twitter:data1\" content=\"mellycoxadmin\" \/>\n\t<meta name=\"twitter:label2\" content=\"Gesch\u00e4tzte Lesezeit\" \/>\n\t<meta name=\"twitter:data2\" content=\"2\u00a0Minuten\" \/>\n<script type=\"application\/ld+json\" class=\"yoast-schema-graph\">{\"@context\":\"https:\\\/\\\/schema.org\",\"@graph\":[{\"@type\":\"Article\",\"@id\":\"https:\\\/\\\/mellycox.de\\\/leichte-sprache\\\/pflegefachkraft-m-w-d\\\/#article\",\"isPartOf\":{\"@id\":\"https:\\\/\\\/mellycox.de\\\/leichte-sprache\\\/pflegefachkraft-m-w-d\\\/\"},\"author\":{\"name\":\"mellycoxadmin\",\"@id\":\"https:\\\/\\\/mellycox.de\\\/leichte-sprache\\\/#\\\/schema\\\/person\\\/1d237d28f2286801f335df63ffcd594c\"},\"headline\":\"Pflegefachkraft (m\\\/w\\\/d)\u00a0\",\"datePublished\":\"2026-02-17T17:31:19+00:00\",\"mainEntityOfPage\":{\"@id\":\"https:\\\/\\\/mellycox.de\\\/leichte-sprache\\\/pflegefachkraft-m-w-d\\\/\"},\"wordCount\":348,\"commentCount\":0,\"publisher\":{\"@id\":\"https:\\\/\\\/mellycox.de\\\/leichte-sprache\\\/#organization\"},\"articleSection\":[\"Stellenangebot\"],\"inLanguage\":\"de\",\"potentialAction\":[{\"@type\":\"CommentAction\",\"name\":\"Comment\",\"target\":[\"https:\\\/\\\/mellycox.de\\\/leichte-sprache\\\/pflegefachkraft-m-w-d\\\/#respond\"]}]},{\"@type\":\"WebPage\",\"@id\":\"https:\\\/\\\/mellycox.de\\\/leichte-sprache\\\/pflegefachkraft-m-w-d\\\/\",\"url\":\"https:\\\/\\\/mellycox.de\\\/leichte-sprache\\\/pflegefachkraft-m-w-d\\\/\",\"name\":\"Pflegefachkraft (m\\\/w\\\/d)\u00a0 - MellyCox - Leichte Sprache\",\"isPartOf\":{\"@id\":\"https:\\\/\\\/mellycox.de\\\/leichte-sprache\\\/#website\"},\"datePublished\":\"2026-02-17T17:31:19+00:00\",\"breadcrumb\":{\"@id\":\"https:\\\/\\\/mellycox.de\\\/leichte-sprache\\\/pflegefachkraft-m-w-d\\\/#breadcrumb\"},\"inLanguage\":\"de\",\"potentialAction\":[{\"@type\":\"ReadAction\",\"target\":[\"https:\\\/\\\/mellycox.de\\\/leichte-sprache\\\/pflegefachkraft-m-w-d\\\/\"]}]},{\"@type\":\"BreadcrumbList\",\"@id\":\"https:\\\/\\\/mellycox.de\\\/leichte-sprache\\\/pflegefachkraft-m-w-d\\\/#breadcrumb\",\"itemListElement\":[{\"@type\":\"ListItem\",\"position\":1,\"name\":\"Start\",\"item\":\"https:\\\/\\\/mellycox.de\\\/leichte-sprache\\\/\"},{\"@type\":\"ListItem\",\"position\":2,\"name\":\"Pflegefachkraft (m\\\/w\\\/d)\u00a0\"}]},{\"@type\":\"WebSite\",\"@id\":\"https:\\\/\\\/mellycox.de\\\/leichte-sprache\\\/#website\",\"url\":\"https:\\\/\\\/mellycox.de\\\/leichte-sprache\\\/\",\"name\":\"MellyCox - Leichte Sprache\",\"description\":\"\",\"publisher\":{\"@id\":\"https:\\\/\\\/mellycox.de\\\/leichte-sprache\\\/#organization\"},\"potentialAction\":[{\"@type\":\"SearchAction\",\"target\":{\"@type\":\"EntryPoint\",\"urlTemplate\":\"https:\\\/\\\/mellycox.de\\\/leichte-sprache\\\/?s={search_term_string}\"},\"query-input\":{\"@type\":\"PropertyValueSpecification\",\"valueRequired\":true,\"valueName\":\"search_term_string\"}}],\"inLanguage\":\"de\"},{\"@type\":\"Organization\",\"@id\":\"https:\\\/\\\/mellycox.de\\\/leichte-sprache\\\/#organization\",\"name\":\"MellyCox - Leichte Sprache\",\"url\":\"https:\\\/\\\/mellycox.de\\\/leichte-sprache\\\/\",\"logo\":{\"@type\":\"ImageObject\",\"inLanguage\":\"de\",\"@id\":\"https:\\\/\\\/mellycox.de\\\/leichte-sprache\\\/#\\\/schema\\\/logo\\\/image\\\/\",\"url\":\"https:\\\/\\\/mellycox.de\\\/leichte-sprache\\\/wp-content\\\/uploads\\\/sites\\\/2\\\/2025\\\/09\\\/mellycox_Logo_2025_quer-scaled.png\",\"contentUrl\":\"https:\\\/\\\/mellycox.de\\\/leichte-sprache\\\/wp-content\\\/uploads\\\/sites\\\/2\\\/2025\\\/09\\\/mellycox_Logo_2025_quer-scaled.png\",\"width\":2560,\"height\":729,\"caption\":\"MellyCox - Leichte Sprache\"},\"image\":{\"@id\":\"https:\\\/\\\/mellycox.de\\\/leichte-sprache\\\/#\\\/schema\\\/logo\\\/image\\\/\"}},{\"@type\":\"Person\",\"@id\":\"https:\\\/\\\/mellycox.de\\\/leichte-sprache\\\/#\\\/schema\\\/person\\\/1d237d28f2286801f335df63ffcd594c\",\"name\":\"mellycoxadmin\",\"sameAs\":[\"http:\\\/\\\/mellycox.de\\\/\"],\"url\":\"https:\\\/\\\/mellycox.de\\\/leichte-sprache\\\/author\\\/mellycoxadmin\\\/\"}]}<\/script>\n<!-- \/ Yoast SEO plugin. -->","yoast_head_json":{"title":"Pflegefachkraft (m\/w\/d)\u00a0 - MellyCox - Leichte Sprache","robots":{"index":"index","follow":"follow","max-snippet":"max-snippet:-1","max-image-preview":"max-image-preview:large","max-video-preview":"max-video-preview:-1"},"canonical":"https:\/\/mellycox.de\/leichte-sprache\/pflegefachkraft-m-w-d\/","og_locale":"de_DE","og_type":"article","og_title":"Pflegefachkraft (m\/w\/d)\u00a0 - MellyCox - Leichte Sprache","og_description":"Pflegefachkraft (m\/w\/d) Wir sind ein engagierter ambulanter Pflegedienst, der pflegebed\u00fcrftige Menschen in ihrer vertrauten h\u00e4uslichen Umgebung betreut und unterst\u00fctzt. Wir arbeiten \u00fcberwiegend in Bielefelder Modellen, hier wird nicht nur auf die pflegerischen Bed\u00fcrfnisse von unseren Kund:innen eingegangen, sondern dar\u00fcber hinaus ein Quatierskonzept mit regelm\u00e4\u00dfigen Mahlzeiten und Besch\u00e4ftigungsm\u00f6glichkeiten angeboten. Unser Ziel ist es, durch fachgerechte Pflege, [&hellip;]","og_url":"https:\/\/mellycox.de\/leichte-sprache\/pflegefachkraft-m-w-d\/","og_site_name":"MellyCox - Leichte Sprache","article_published_time":"2026-02-17T17:31:19+00:00","author":"mellycoxadmin","twitter_card":"summary_large_image","twitter_misc":{"Verfasst von":"mellycoxadmin","Gesch\u00e4tzte Lesezeit":"2\u00a0Minuten"},"schema":{"@context":"https:\/\/schema.org","@graph":[{"@type":"Article","@id":"https:\/\/mellycox.de\/leichte-sprache\/pflegefachkraft-m-w-d\/#article","isPartOf":{"@id":"https:\/\/mellycox.de\/leichte-sprache\/pflegefachkraft-m-w-d\/"},"author":{"name":"mellycoxadmin","@id":"https:\/\/mellycox.de\/leichte-sprache\/#\/schema\/person\/1d237d28f2286801f335df63ffcd594c"},"headline":"Pflegefachkraft (m\/w\/d)\u00a0","datePublished":"2026-02-17T17:31:19+00:00","mainEntityOfPage":{"@id":"https:\/\/mellycox.de\/leichte-sprache\/pflegefachkraft-m-w-d\/"},"wordCount":348,"commentCount":0,"publisher":{"@id":"https:\/\/mellycox.de\/leichte-sprache\/#organization"},"articleSection":["Stellenangebot"],"inLanguage":"de","potentialAction":[{"@type":"CommentAction","name":"Comment","target":["https:\/\/mellycox.de\/leichte-sprache\/pflegefachkraft-m-w-d\/#respond"]}]},{"@type":"WebPage","@id":"https:\/\/mellycox.de\/leichte-sprache\/pflegefachkraft-m-w-d\/","url":"https:\/\/mellycox.de\/leichte-sprache\/pflegefachkraft-m-w-d\/","name":"Pflegefachkraft (m\/w\/d)\u00a0 - MellyCox - Leichte Sprache","isPartOf":{"@id":"https:\/\/mellycox.de\/leichte-sprache\/#website"},"datePublished":"2026-02-17T17:31:19+00:00","breadcrumb":{"@id":"https:\/\/mellycox.de\/leichte-sprache\/pflegefachkraft-m-w-d\/#breadcrumb"},"inLanguage":"de","potentialAction":[{"@type":"ReadAction","target":["https:\/\/mellycox.de\/leichte-sprache\/pflegefachkraft-m-w-d\/"]}]},{"@type":"BreadcrumbList","@id":"https:\/\/mellycox.de\/leichte-sprache\/pflegefachkraft-m-w-d\/#breadcrumb","itemListElement":[{"@type":"ListItem","position":1,"name":"Start","item":"https:\/\/mellycox.de\/leichte-sprache\/"},{"@type":"ListItem","position":2,"name":"Pflegefachkraft (m\/w\/d)\u00a0"}]},{"@type":"WebSite","@id":"https:\/\/mellycox.de\/leichte-sprache\/#website","url":"https:\/\/mellycox.de\/leichte-sprache\/","name":"MellyCox - Leichte Sprache","description":"","publisher":{"@id":"https:\/\/mellycox.de\/leichte-sprache\/#organization"},"potentialAction":[{"@type":"SearchAction","target":{"@type":"EntryPoint","urlTemplate":"https:\/\/mellycox.de\/leichte-sprache\/?s={search_term_string}"},"query-input":{"@type":"PropertyValueSpecification","valueRequired":true,"valueName":"search_term_string"}}],"inLanguage":"de"},{"@type":"Organization","@id":"https:\/\/mellycox.de\/leichte-sprache\/#organization","name":"MellyCox - Leichte Sprache","url":"https:\/\/mellycox.de\/leichte-sprache\/","logo":{"@type":"ImageObject","inLanguage":"de","@id":"https:\/\/mellycox.de\/leichte-sprache\/#\/schema\/logo\/image\/","url":"https:\/\/mellycox.de\/leichte-sprache\/wp-content\/uploads\/sites\/2\/2025\/09\/mellycox_Logo_2025_quer-scaled.png","contentUrl":"https:\/\/mellycox.de\/leichte-sprache\/wp-content\/uploads\/sites\/2\/2025\/09\/mellycox_Logo_2025_quer-scaled.png","width":2560,"height":729,"caption":"MellyCox - Leichte Sprache"},"image":{"@id":"https:\/\/mellycox.de\/leichte-sprache\/#\/schema\/logo\/image\/"}},{"@type":"Person","@id":"https:\/\/mellycox.de\/leichte-sprache\/#\/schema\/person\/1d237d28f2286801f335df63ffcd594c","name":"mellycoxadmin","sameAs":["http:\/\/mellycox.de\/"],"url":"https:\/\/mellycox.de\/leichte-sprache\/author\/mellycoxadmin\/"}]}},"_links":{"self":[{"href":"https:\/\/mellycox.de\/leichte-sprache\/wp-json\/wp\/v2\/posts\/149","targetHints":{"allow":["GET"]}}],"collection":[{"href":"https:\/\/mellycox.de\/leichte-sprache\/wp-json\/wp\/v2\/posts"}],"about":[{"href":"https:\/\/mellycox.de\/leichte-sprache\/wp-json\/wp\/v2\/types\/post"}],"author":[{"embeddable":true,"href":"https:\/\/mellycox.de\/leichte-sprache\/wp-json\/wp\/v2\/users\/1"}],"replies":[{"embeddable":true,"href":"https:\/\/mellycox.de\/leichte-sprache\/wp-json\/wp\/v2\/comments?post=149"}],"version-history":[{"count":1,"href":"https:\/\/mellycox.de\/leichte-sprache\/wp-json\/wp\/v2\/posts\/149\/revisions"}],"predecessor-version":[{"id":150,"href":"https:\/\/mellycox.de\/leichte-sprache\/wp-json\/wp\/v2\/posts\/149\/revisions\/150"}],"wp:attachment":[{"href":"https:\/\/mellycox.de\/leichte-sprache\/wp-json\/wp\/v2\/media?parent=149"}],"wp:term":[{"taxonomy":"category","embeddable":true,"href":"https:\/\/mellycox.de\/leichte-sprache\/wp-json\/wp\/v2\/categories?post=149"},{"taxonomy":"post_tag","embeddable":true,"href":"https:\/\/mellycox.de\/leichte-sprache\/wp-json\/wp\/v2\/tags?post=149"}],"curies":[{"name":"wp","href":"https:\/\/api.w.org\/{rel}","templated":true}]}}