{"id":147,"date":"2026-02-17T18:30:51","date_gmt":"2026-02-17T17:30:51","guid":{"rendered":"https:\/\/mellycox.de\/leichte-sprache\/?p=147"},"modified":"2026-02-17T18:30:51","modified_gmt":"2026-02-17T17:30:51","slug":"pflegehelfer-in-m-w-d","status":"publish","type":"post","link":"https:\/\/mellycox.de\/leichte-sprache\/pflegehelfer-in-m-w-d\/","title":{"rendered":"Pflegehelfer\/in (m\/w\/d)"},"content":{"rendered":"\n<div class=\"wp-block-group is-layout-constrained wp-block-group-is-layout-constrained\">\n<div style=\"height:200px\" aria-hidden=\"true\" class=\"wp-block-spacer\"><\/div>\n\n\n\n<h1 class=\"wp-block-heading\">Pflegehelfer\/in (m\/w\/d)<\/h1>\n\n\n\n<p>Als Pflegehelfer\/in unterst\u00fctzen Sie unser Team bei der ganzheitlichen und individuellen Betreuung unserer Kundinnen im ambulanten Bereich. Sie tragen dazu bei, ein wohnliches Umfeld zu schaffen, in dem unsere Kundinnen m\u00f6glichst selbstbestimmt leben k\u00f6nnen.<\/p>\n\n\n\n<div style=\"height:30px\" aria-hidden=\"true\" class=\"wp-block-spacer\"><\/div>\n\n\n\n<h2 class=\"wp-block-heading\">Ihre Aufgaben:<\/h2>\n\n\n\n<ul class=\"wp-block-list\">\n<li>Unterst\u00fctzung bei der pflegerischen Versorgung und Betreuung nach aktuellen Standards unter fachlicher Anleitung<\/li>\n\n\n\n<li>Mitwirkung an der Gestaltung eines wohnlichen und sicheren Umfelds<\/li>\n\n\n\n<li>Durchf\u00fchrung grundpflegerischer T\u00e4tigkeiten sowie sehr einfacher hauswirtschaftlicher Aufgaben (z. B. Zubereitung von Mahlzeiten, W\u00e4schepflege)<\/li>\n\n\n\n<li>Dokumentation der durchgef\u00fchrten Pflegeleistungen<\/li>\n\n\n\n<li>Einhaltung und Umsetzung von Hygiene- und Unfallverh\u00fctungsvorschriften<\/li>\n\n\n\n<li>Mitwirkung bei der Sicherstellung und Weiterentwicklung der Dienstleistungsqualit\u00e4t<\/li>\n\n\n\n<li>Unterst\u00fctzung bei der Informationsweitergabe und Kommunikation im Team sowie mit Angeh\u00f6rigen<\/li>\n\n\n\n<li>Bereitschaft zur Teilnahme an Fort- und Weiterbildungen<\/li>\n\n\n\n<li>Aktive Mitarbeit bei der Erstellung von Dienst- und Urlaubspl\u00e4nen<\/li>\n<\/ul>\n\n\n\n<div style=\"height:30px\" aria-hidden=\"true\" class=\"wp-block-spacer\"><\/div>\n\n\n\n<h2 class=\"wp-block-heading\">Ihr Profil:<\/h2>\n\n\n\n<ul class=\"wp-block-list\">\n<li>Idealerweise abgeschlossene einj\u00e4hrige Ausbildung als Pflegehelfer\/in oder vergleichbare Qualifikation<\/li>\n\n\n\n<li>Freude an der Arbeit mit pflegebed\u00fcrftigen Menschen<\/li>\n\n\n\n<li>Teamf\u00e4higkeit, Zuverl\u00e4ssigkeit und Verantwortungsbewusstsein<\/li>\n\n\n\n<li>Bereitschaft zur st\u00e4ndigen Weiterentwicklung und zur Annahme von Anleitung durch Pflegefachkr\u00e4fte<\/li>\n<\/ul>\n\n\n\n<div style=\"height:30px\" aria-hidden=\"true\" class=\"wp-block-spacer\"><\/div>\n\n\n\n<h2 class=\"wp-block-heading\">Wir bieten:<\/h2>\n\n\n\n<ul class=\"wp-block-list\">\n<li>Ein wertsch\u00e4tzendes und unterst\u00fctzendes Arbeitsumfeld<\/li>\n\n\n\n<li>Strukturierte Einarbeitung und fachliche Anleitung<\/li>\n\n\n\n<li>M\u00f6glichkeiten zur pers\u00f6nlichen und fachlichen Entwicklung<\/li>\n<\/ul>\n\n\n\n<div style=\"height:30px\" aria-hidden=\"true\" class=\"wp-block-spacer\"><\/div>\n\n\n\n<div class=\"wp-block-buttons is-layout-flex wp-block-buttons-is-layout-flex\">\n<div class=\"wp-block-button\"><a class=\"wp-block-button__link has-wpfse-blau-logo-color has-wpfse-grey-background-color has-text-color has-background has-link-color wp-element-button\" href=\"https:\/\/www.arbeitsagentur.de\/jobsuche\/suche?angebotsart=1&amp;was=MellyCox\" target=\"_blank\" rel=\"noreferrer noopener\">Weitere Informationen<\/a><\/div>\n<\/div>\n\n\n\n<div style=\"height:30px\" aria-hidden=\"true\" class=\"wp-block-spacer\"><\/div>\n\n\n\n<h2 class=\"wp-block-heading\">Haben wir Ihr Interesse geweckt?<\/h2>\n\n\n\n<p>Dann freuen wir uns auf Ihre Bewerbung \u2013 gerne per <a href=\"mailto:personal@mellycox.de\">E-Mail<\/a> oder \u00fcber unser Online-Formular. <br>Werden Sie Teil von MellyCox und unterst\u00fctzen Sie unser Team mit Ihrem Engagement!<\/p>\n\n\n\n<div style=\"height:30px\" aria-hidden=\"true\" class=\"wp-block-spacer\"><\/div>\n\n\n\n<div style=\"height:100px\" aria-hidden=\"true\" class=\"wp-block-spacer\"><\/div>\n<\/div>\n","protected":false},"excerpt":{"rendered":"<p>Pflegehelfer\/in (m\/w\/d) Als Pflegehelfer\/in unterst\u00fctzen Sie unser Team bei der ganzheitlichen und individuellen Betreuung unserer Kundinnen im ambulanten Bereich. Sie tragen dazu bei, ein wohnliches Umfeld zu schaffen, in dem unsere Kundinnen m\u00f6glichst selbstbestimmt leben k\u00f6nnen. Ihre Aufgaben: Ihr Profil: Wir bieten: Haben wir Ihr Interesse geweckt? Dann freuen wir uns auf Ihre Bewerbung \u2013 [&hellip;]<\/p>\n","protected":false},"author":1,"featured_media":0,"comment_status":"open","ping_status":"open","sticky":false,"template":"","format":"standard","meta":{"footnotes":""},"categories":[7],"tags":[],"class_list":["post-147","post","type-post","status-publish","format-standard","hentry","category-stellenangebot"],"yoast_head":"<!-- This site is optimized with the Yoast SEO plugin v27.3 - https:\/\/yoast.com\/product\/yoast-seo-wordpress\/ -->\n<title>Pflegehelfer\/in (m\/w\/d) - MellyCox - Leichte Sprache<\/title>\n<meta name=\"robots\" content=\"index, follow, max-snippet:-1, max-image-preview:large, max-video-preview:-1\" \/>\n<link rel=\"canonical\" href=\"https:\/\/mellycox.de\/leichte-sprache\/pflegehelfer-in-m-w-d\/\" \/>\n<meta property=\"og:locale\" content=\"de_DE\" \/>\n<meta property=\"og:type\" content=\"article\" \/>\n<meta property=\"og:title\" content=\"Pflegehelfer\/in (m\/w\/d) - MellyCox - Leichte Sprache\" \/>\n<meta property=\"og:description\" content=\"Pflegehelfer\/in (m\/w\/d) Als Pflegehelfer\/in unterst\u00fctzen Sie unser Team bei der ganzheitlichen und individuellen Betreuung unserer Kundinnen im ambulanten Bereich. Sie tragen dazu bei, ein wohnliches Umfeld zu schaffen, in dem unsere Kundinnen m\u00f6glichst selbstbestimmt leben k\u00f6nnen. Ihre Aufgaben: Ihr Profil: Wir bieten: Haben wir Ihr Interesse geweckt? Dann freuen wir uns auf Ihre Bewerbung \u2013 [&hellip;]\" \/>\n<meta property=\"og:url\" content=\"https:\/\/mellycox.de\/leichte-sprache\/pflegehelfer-in-m-w-d\/\" \/>\n<meta property=\"og:site_name\" content=\"MellyCox - Leichte Sprache\" \/>\n<meta property=\"article:published_time\" content=\"2026-02-17T17:30:51+00:00\" \/>\n<meta name=\"author\" content=\"mellycoxadmin\" \/>\n<meta name=\"twitter:card\" content=\"summary_large_image\" \/>\n<meta name=\"twitter:label1\" content=\"Verfasst von\" \/>\n\t<meta name=\"twitter:data1\" content=\"mellycoxadmin\" \/>\n\t<meta name=\"twitter:label2\" content=\"Gesch\u00e4tzte Lesezeit\" \/>\n\t<meta name=\"twitter:data2\" content=\"1\u00a0Minute\" \/>\n<script type=\"application\/ld+json\" class=\"yoast-schema-graph\">{\"@context\":\"https:\\\/\\\/schema.org\",\"@graph\":[{\"@type\":\"Article\",\"@id\":\"https:\\\/\\\/mellycox.de\\\/leichte-sprache\\\/pflegehelfer-in-m-w-d\\\/#article\",\"isPartOf\":{\"@id\":\"https:\\\/\\\/mellycox.de\\\/leichte-sprache\\\/pflegehelfer-in-m-w-d\\\/\"},\"author\":{\"name\":\"mellycoxadmin\",\"@id\":\"https:\\\/\\\/mellycox.de\\\/leichte-sprache\\\/#\\\/schema\\\/person\\\/1d237d28f2286801f335df63ffcd594c\"},\"headline\":\"Pflegehelfer\\\/in (m\\\/w\\\/d)\",\"datePublished\":\"2026-02-17T17:30:51+00:00\",\"mainEntityOfPage\":{\"@id\":\"https:\\\/\\\/mellycox.de\\\/leichte-sprache\\\/pflegehelfer-in-m-w-d\\\/\"},\"wordCount\":239,\"commentCount\":0,\"publisher\":{\"@id\":\"https:\\\/\\\/mellycox.de\\\/leichte-sprache\\\/#organization\"},\"articleSection\":[\"Stellenangebot\"],\"inLanguage\":\"de\",\"potentialAction\":[{\"@type\":\"CommentAction\",\"name\":\"Comment\",\"target\":[\"https:\\\/\\\/mellycox.de\\\/leichte-sprache\\\/pflegehelfer-in-m-w-d\\\/#respond\"]}]},{\"@type\":\"WebPage\",\"@id\":\"https:\\\/\\\/mellycox.de\\\/leichte-sprache\\\/pflegehelfer-in-m-w-d\\\/\",\"url\":\"https:\\\/\\\/mellycox.de\\\/leichte-sprache\\\/pflegehelfer-in-m-w-d\\\/\",\"name\":\"Pflegehelfer\\\/in (m\\\/w\\\/d) - MellyCox - Leichte Sprache\",\"isPartOf\":{\"@id\":\"https:\\\/\\\/mellycox.de\\\/leichte-sprache\\\/#website\"},\"datePublished\":\"2026-02-17T17:30:51+00:00\",\"breadcrumb\":{\"@id\":\"https:\\\/\\\/mellycox.de\\\/leichte-sprache\\\/pflegehelfer-in-m-w-d\\\/#breadcrumb\"},\"inLanguage\":\"de\",\"potentialAction\":[{\"@type\":\"ReadAction\",\"target\":[\"https:\\\/\\\/mellycox.de\\\/leichte-sprache\\\/pflegehelfer-in-m-w-d\\\/\"]}]},{\"@type\":\"BreadcrumbList\",\"@id\":\"https:\\\/\\\/mellycox.de\\\/leichte-sprache\\\/pflegehelfer-in-m-w-d\\\/#breadcrumb\",\"itemListElement\":[{\"@type\":\"ListItem\",\"position\":1,\"name\":\"Start\",\"item\":\"https:\\\/\\\/mellycox.de\\\/leichte-sprache\\\/\"},{\"@type\":\"ListItem\",\"position\":2,\"name\":\"Pflegehelfer\\\/in (m\\\/w\\\/d)\"}]},{\"@type\":\"WebSite\",\"@id\":\"https:\\\/\\\/mellycox.de\\\/leichte-sprache\\\/#website\",\"url\":\"https:\\\/\\\/mellycox.de\\\/leichte-sprache\\\/\",\"name\":\"MellyCox - Leichte Sprache\",\"description\":\"\",\"publisher\":{\"@id\":\"https:\\\/\\\/mellycox.de\\\/leichte-sprache\\\/#organization\"},\"potentialAction\":[{\"@type\":\"SearchAction\",\"target\":{\"@type\":\"EntryPoint\",\"urlTemplate\":\"https:\\\/\\\/mellycox.de\\\/leichte-sprache\\\/?s={search_term_string}\"},\"query-input\":{\"@type\":\"PropertyValueSpecification\",\"valueRequired\":true,\"valueName\":\"search_term_string\"}}],\"inLanguage\":\"de\"},{\"@type\":\"Organization\",\"@id\":\"https:\\\/\\\/mellycox.de\\\/leichte-sprache\\\/#organization\",\"name\":\"MellyCox - Leichte Sprache\",\"url\":\"https:\\\/\\\/mellycox.de\\\/leichte-sprache\\\/\",\"logo\":{\"@type\":\"ImageObject\",\"inLanguage\":\"de\",\"@id\":\"https:\\\/\\\/mellycox.de\\\/leichte-sprache\\\/#\\\/schema\\\/logo\\\/image\\\/\",\"url\":\"https:\\\/\\\/mellycox.de\\\/leichte-sprache\\\/wp-content\\\/uploads\\\/sites\\\/2\\\/2025\\\/09\\\/mellycox_Logo_2025_quer-scaled.png\",\"contentUrl\":\"https:\\\/\\\/mellycox.de\\\/leichte-sprache\\\/wp-content\\\/uploads\\\/sites\\\/2\\\/2025\\\/09\\\/mellycox_Logo_2025_quer-scaled.png\",\"width\":2560,\"height\":729,\"caption\":\"MellyCox - Leichte Sprache\"},\"image\":{\"@id\":\"https:\\\/\\\/mellycox.de\\\/leichte-sprache\\\/#\\\/schema\\\/logo\\\/image\\\/\"}},{\"@type\":\"Person\",\"@id\":\"https:\\\/\\\/mellycox.de\\\/leichte-sprache\\\/#\\\/schema\\\/person\\\/1d237d28f2286801f335df63ffcd594c\",\"name\":\"mellycoxadmin\",\"sameAs\":[\"http:\\\/\\\/mellycox.de\\\/\"],\"url\":\"https:\\\/\\\/mellycox.de\\\/leichte-sprache\\\/author\\\/mellycoxadmin\\\/\"}]}<\/script>\n<!-- \/ Yoast SEO plugin. -->","yoast_head_json":{"title":"Pflegehelfer\/in (m\/w\/d) - MellyCox - Leichte Sprache","robots":{"index":"index","follow":"follow","max-snippet":"max-snippet:-1","max-image-preview":"max-image-preview:large","max-video-preview":"max-video-preview:-1"},"canonical":"https:\/\/mellycox.de\/leichte-sprache\/pflegehelfer-in-m-w-d\/","og_locale":"de_DE","og_type":"article","og_title":"Pflegehelfer\/in (m\/w\/d) - MellyCox - Leichte Sprache","og_description":"Pflegehelfer\/in (m\/w\/d) Als Pflegehelfer\/in unterst\u00fctzen Sie unser Team bei der ganzheitlichen und individuellen Betreuung unserer Kundinnen im ambulanten Bereich. Sie tragen dazu bei, ein wohnliches Umfeld zu schaffen, in dem unsere Kundinnen m\u00f6glichst selbstbestimmt leben k\u00f6nnen. Ihre Aufgaben: Ihr Profil: Wir bieten: Haben wir Ihr Interesse geweckt? Dann freuen wir uns auf Ihre Bewerbung \u2013 [&hellip;]","og_url":"https:\/\/mellycox.de\/leichte-sprache\/pflegehelfer-in-m-w-d\/","og_site_name":"MellyCox - Leichte Sprache","article_published_time":"2026-02-17T17:30:51+00:00","author":"mellycoxadmin","twitter_card":"summary_large_image","twitter_misc":{"Verfasst von":"mellycoxadmin","Gesch\u00e4tzte Lesezeit":"1\u00a0Minute"},"schema":{"@context":"https:\/\/schema.org","@graph":[{"@type":"Article","@id":"https:\/\/mellycox.de\/leichte-sprache\/pflegehelfer-in-m-w-d\/#article","isPartOf":{"@id":"https:\/\/mellycox.de\/leichte-sprache\/pflegehelfer-in-m-w-d\/"},"author":{"name":"mellycoxadmin","@id":"https:\/\/mellycox.de\/leichte-sprache\/#\/schema\/person\/1d237d28f2286801f335df63ffcd594c"},"headline":"Pflegehelfer\/in (m\/w\/d)","datePublished":"2026-02-17T17:30:51+00:00","mainEntityOfPage":{"@id":"https:\/\/mellycox.de\/leichte-sprache\/pflegehelfer-in-m-w-d\/"},"wordCount":239,"commentCount":0,"publisher":{"@id":"https:\/\/mellycox.de\/leichte-sprache\/#organization"},"articleSection":["Stellenangebot"],"inLanguage":"de","potentialAction":[{"@type":"CommentAction","name":"Comment","target":["https:\/\/mellycox.de\/leichte-sprache\/pflegehelfer-in-m-w-d\/#respond"]}]},{"@type":"WebPage","@id":"https:\/\/mellycox.de\/leichte-sprache\/pflegehelfer-in-m-w-d\/","url":"https:\/\/mellycox.de\/leichte-sprache\/pflegehelfer-in-m-w-d\/","name":"Pflegehelfer\/in (m\/w\/d) - MellyCox - Leichte Sprache","isPartOf":{"@id":"https:\/\/mellycox.de\/leichte-sprache\/#website"},"datePublished":"2026-02-17T17:30:51+00:00","breadcrumb":{"@id":"https:\/\/mellycox.de\/leichte-sprache\/pflegehelfer-in-m-w-d\/#breadcrumb"},"inLanguage":"de","potentialAction":[{"@type":"ReadAction","target":["https:\/\/mellycox.de\/leichte-sprache\/pflegehelfer-in-m-w-d\/"]}]},{"@type":"BreadcrumbList","@id":"https:\/\/mellycox.de\/leichte-sprache\/pflegehelfer-in-m-w-d\/#breadcrumb","itemListElement":[{"@type":"ListItem","position":1,"name":"Start","item":"https:\/\/mellycox.de\/leichte-sprache\/"},{"@type":"ListItem","position":2,"name":"Pflegehelfer\/in (m\/w\/d)"}]},{"@type":"WebSite","@id":"https:\/\/mellycox.de\/leichte-sprache\/#website","url":"https:\/\/mellycox.de\/leichte-sprache\/","name":"MellyCox - Leichte Sprache","description":"","publisher":{"@id":"https:\/\/mellycox.de\/leichte-sprache\/#organization"},"potentialAction":[{"@type":"SearchAction","target":{"@type":"EntryPoint","urlTemplate":"https:\/\/mellycox.de\/leichte-sprache\/?s={search_term_string}"},"query-input":{"@type":"PropertyValueSpecification","valueRequired":true,"valueName":"search_term_string"}}],"inLanguage":"de"},{"@type":"Organization","@id":"https:\/\/mellycox.de\/leichte-sprache\/#organization","name":"MellyCox - Leichte Sprache","url":"https:\/\/mellycox.de\/leichte-sprache\/","logo":{"@type":"ImageObject","inLanguage":"de","@id":"https:\/\/mellycox.de\/leichte-sprache\/#\/schema\/logo\/image\/","url":"https:\/\/mellycox.de\/leichte-sprache\/wp-content\/uploads\/sites\/2\/2025\/09\/mellycox_Logo_2025_quer-scaled.png","contentUrl":"https:\/\/mellycox.de\/leichte-sprache\/wp-content\/uploads\/sites\/2\/2025\/09\/mellycox_Logo_2025_quer-scaled.png","width":2560,"height":729,"caption":"MellyCox - Leichte Sprache"},"image":{"@id":"https:\/\/mellycox.de\/leichte-sprache\/#\/schema\/logo\/image\/"}},{"@type":"Person","@id":"https:\/\/mellycox.de\/leichte-sprache\/#\/schema\/person\/1d237d28f2286801f335df63ffcd594c","name":"mellycoxadmin","sameAs":["http:\/\/mellycox.de\/"],"url":"https:\/\/mellycox.de\/leichte-sprache\/author\/mellycoxadmin\/"}]}},"_links":{"self":[{"href":"https:\/\/mellycox.de\/leichte-sprache\/wp-json\/wp\/v2\/posts\/147","targetHints":{"allow":["GET"]}}],"collection":[{"href":"https:\/\/mellycox.de\/leichte-sprache\/wp-json\/wp\/v2\/posts"}],"about":[{"href":"https:\/\/mellycox.de\/leichte-sprache\/wp-json\/wp\/v2\/types\/post"}],"author":[{"embeddable":true,"href":"https:\/\/mellycox.de\/leichte-sprache\/wp-json\/wp\/v2\/users\/1"}],"replies":[{"embeddable":true,"href":"https:\/\/mellycox.de\/leichte-sprache\/wp-json\/wp\/v2\/comments?post=147"}],"version-history":[{"count":1,"href":"https:\/\/mellycox.de\/leichte-sprache\/wp-json\/wp\/v2\/posts\/147\/revisions"}],"predecessor-version":[{"id":148,"href":"https:\/\/mellycox.de\/leichte-sprache\/wp-json\/wp\/v2\/posts\/147\/revisions\/148"}],"wp:attachment":[{"href":"https:\/\/mellycox.de\/leichte-sprache\/wp-json\/wp\/v2\/media?parent=147"}],"wp:term":[{"taxonomy":"category","embeddable":true,"href":"https:\/\/mellycox.de\/leichte-sprache\/wp-json\/wp\/v2\/categories?post=147"},{"taxonomy":"post_tag","embeddable":true,"href":"https:\/\/mellycox.de\/leichte-sprache\/wp-json\/wp\/v2\/tags?post=147"}],"curies":[{"name":"wp","href":"https:\/\/api.w.org\/{rel}","templated":true}]}}