{"id":145,"date":"2026-02-17T18:30:00","date_gmt":"2026-02-17T17:30:00","guid":{"rendered":"https:\/\/mellycox.de\/leichte-sprache\/?p=145"},"modified":"2026-02-17T18:30:18","modified_gmt":"2026-02-17T17:30:18","slug":"pflegedienstleitung-m-w-d","status":"publish","type":"post","link":"https:\/\/mellycox.de\/leichte-sprache\/pflegedienstleitung-m-w-d\/","title":{"rendered":"Pflegedienstleitung (m\/w\/d)"},"content":{"rendered":"\n<div class=\"wp-block-group is-layout-constrained wp-block-group-is-layout-constrained\">\n<div style=\"height:200px\" aria-hidden=\"true\" class=\"wp-block-spacer\"><\/div>\n\n\n\n<h1 class=\"wp-block-heading\">Pflegedienstleitung (m\/w\/d)<\/h1>\n\n\n\n<div style=\"height:60px\" aria-hidden=\"true\" class=\"wp-block-spacer\"><\/div>\n\n\n\n<p>Als Pflegedienstleitung \u00fcbernehmen Sie die fachliche, personelle und organisatorische Leitung unseres ambulanten Pflegedienstes. Ihr Ziel ist es, eine qualitativ hochwertige, bedarfsorientierte Versorgung unserer Kund*innen sicherzustellen und deren Lebensqualit\u00e4t sowie soziale Teilhabe bestm\u00f6glich zu f\u00f6rdern.<\/p>\n\n\n\n<div style=\"height:30px\" aria-hidden=\"true\" class=\"wp-block-spacer\"><\/div>\n\n\n\n<h2 class=\"wp-block-heading\">Ihre Aufgaben:<\/h2>\n\n\n\n<ul class=\"wp-block-list\">\n<li>Sicherstellung und kontinuierliche Weiterentwicklung der Pflege-, Assistenz- und Betreuungsangebote gem\u00e4\u00df aktueller wissenschaftlicher Standards und gesetzlicher Vorgaben<\/li>\n\n\n\n<li>F\u00fchrung, F\u00f6rderung und Entwicklung unseres Pflegeteams, einschlie\u00dflich Personalplanung, Ausbildung und Mitarbeiterentwicklung<\/li>\n\n\n\n<li>Verantwortung f\u00fcr die Einhaltung und Umsetzung von Qualit\u00e4ts- und Hygienestandards<\/li>\n\n\n\n<li>Optimierung der Arbeitsorganisation und Schaffung mitarbeiterfreundlicher Arbeitsbedingungen<\/li>\n\n\n\n<li>Steuerung und Evaluation von Pflegeprozessen, einschlie\u00dflich Pflegecontrolling und Konzeptentwicklung<\/li>\n\n\n\n<li>Fallmanagement und Beratung von Kund*innen und deren Angeh\u00f6rigen<\/li>\n\n\n\n<li>\u00d6ffentlichkeitsarbeit und Akquisition neuer Kund*innen<\/li>\n\n\n\n<li>Kooperation und Netzwerkpflege mit externen Partnern und Institutionen<\/li>\n\n\n\n<li>Vorbereitung und Begleitung externer Pr\u00fcfungen und Audits<\/li>\n<\/ul>\n\n\n\n<div style=\"height:30px\" aria-hidden=\"true\" class=\"wp-block-spacer\"><\/div>\n\n\n\n<h2 class=\"wp-block-heading\">Ihr Profil:<\/h2>\n\n\n\n<ul class=\"wp-block-list\">\n<li>Abgeschlossene dreij\u00e4hrige Ausbildung in der Alten- oder Krankenpflege<\/li>\n\n\n\n<li>Weiterbildung zur Pflegedienstleitung bzw. zur verantwortlichen Pflegefachkraft<\/li>\n\n\n\n<li>Fundierte Fachkenntnisse im ambulanten Pflegebereich sowie F\u00fchrungserfahrung<\/li>\n\n\n\n<li>Organisationsgeschick, Kommunikationsst\u00e4rke und Verantwortungsbewusstsein<\/li>\n\n\n\n<li>Bereitschaft zu kontinuierlicher Fort- und Weiterbildung<\/li>\n<\/ul>\n\n\n\n<div style=\"height:30px\" aria-hidden=\"true\" class=\"wp-block-spacer\"><\/div>\n\n\n\n<h2 class=\"wp-block-heading\">Wir bieten:<\/h2>\n\n\n\n<ul class=\"wp-block-list\">\n<li>Eine verantwortungsvolle Leitungsposition mit Gestaltungsspielraum<\/li>\n\n\n\n<li>Ein engagiertes Team und ein wertsch\u00e4tzendes Arbeitsumfeld<\/li>\n\n\n\n<li>M\u00f6glichkeiten zur pers\u00f6nlichen und fachlichen Weiterentwicklung<\/li>\n<\/ul>\n\n\n\n<div style=\"height:30px\" aria-hidden=\"true\" class=\"wp-block-spacer\"><\/div>\n\n\n\n<div class=\"wp-block-buttons is-layout-flex wp-block-buttons-is-layout-flex\">\n<div class=\"wp-block-button\"><a class=\"wp-block-button__link has-wpfse-blau-logo-color has-wpfse-grey-background-color has-text-color has-background has-link-color wp-element-button\" href=\"https:\/\/www.arbeitsagentur.de\/jobsuche\/suche?angebotsart=1&amp;was=MellyCox\" target=\"_blank\" rel=\"noreferrer noopener\">Weitere Informationen<\/a><\/div>\n<\/div>\n\n\n\n<div style=\"height:30px\" aria-hidden=\"true\" class=\"wp-block-spacer\"><\/div>\n\n\n\n<h2 class=\"wp-block-heading\">Haben wir Ihr Interesse geweckt?<\/h2>\n\n\n\n<p>Dann freuen wir uns auf Ihre aussagekr\u00e4ftige Bewerbung \u2013 gerne per <a href=\"mailto:personal@mellycox.de\">E-Mail<\/a> oder \u00fcber unser Online-Formular. Bei Fragen steht Ihnen unsere Gesch\u00e4ftsleitung jederzeit zur Verf\u00fcgung. Werden Sie Teil von MellyCox und bringen Sie Ihre Kompetenz und Ihr Engagement in unser Team ein!<\/p>\n\n\n\n<div style=\"height:30px\" aria-hidden=\"true\" class=\"wp-block-spacer\"><\/div>\n\n\n\n<div style=\"height:100px\" aria-hidden=\"true\" class=\"wp-block-spacer\"><\/div>\n<\/div>\n","protected":false},"excerpt":{"rendered":"<p>Pflegedienstleitung (m\/w\/d) Als Pflegedienstleitung \u00fcbernehmen Sie die fachliche, personelle und organisatorische Leitung unseres ambulanten Pflegedienstes. Ihr Ziel ist es, eine qualitativ hochwertige, bedarfsorientierte Versorgung unserer Kund*innen sicherzustellen und deren Lebensqualit\u00e4t sowie soziale Teilhabe bestm\u00f6glich zu f\u00f6rdern. Ihre Aufgaben: Ihr Profil: Wir bieten: Haben wir Ihr Interesse geweckt? Dann freuen wir uns auf Ihre aussagekr\u00e4ftige Bewerbung [&hellip;]<\/p>\n","protected":false},"author":1,"featured_media":0,"comment_status":"open","ping_status":"open","sticky":false,"template":"","format":"standard","meta":{"footnotes":""},"categories":[7],"tags":[],"class_list":["post-145","post","type-post","status-publish","format-standard","hentry","category-stellenangebot"],"yoast_head":"<!-- This site is optimized with the Yoast SEO plugin v27.3 - https:\/\/yoast.com\/product\/yoast-seo-wordpress\/ -->\n<title>Pflegedienstleitung (m\/w\/d) - MellyCox - Leichte Sprache<\/title>\n<meta name=\"robots\" content=\"index, follow, max-snippet:-1, max-image-preview:large, max-video-preview:-1\" \/>\n<link rel=\"canonical\" href=\"https:\/\/mellycox.de\/leichte-sprache\/pflegedienstleitung-m-w-d\/\" \/>\n<meta property=\"og:locale\" content=\"de_DE\" \/>\n<meta property=\"og:type\" content=\"article\" \/>\n<meta property=\"og:title\" content=\"Pflegedienstleitung (m\/w\/d) - MellyCox - Leichte Sprache\" \/>\n<meta property=\"og:description\" content=\"Pflegedienstleitung (m\/w\/d) Als Pflegedienstleitung \u00fcbernehmen Sie die fachliche, personelle und organisatorische Leitung unseres ambulanten Pflegedienstes. Ihr Ziel ist es, eine qualitativ hochwertige, bedarfsorientierte Versorgung unserer Kund*innen sicherzustellen und deren Lebensqualit\u00e4t sowie soziale Teilhabe bestm\u00f6glich zu f\u00f6rdern. Ihre Aufgaben: Ihr Profil: Wir bieten: Haben wir Ihr Interesse geweckt? Dann freuen wir uns auf Ihre aussagekr\u00e4ftige Bewerbung [&hellip;]\" \/>\n<meta property=\"og:url\" content=\"https:\/\/mellycox.de\/leichte-sprache\/pflegedienstleitung-m-w-d\/\" \/>\n<meta property=\"og:site_name\" content=\"MellyCox - Leichte Sprache\" \/>\n<meta property=\"article:published_time\" content=\"2026-02-17T17:30:00+00:00\" \/>\n<meta property=\"article:modified_time\" content=\"2026-02-17T17:30:18+00:00\" \/>\n<meta name=\"author\" content=\"mellycoxadmin\" \/>\n<meta name=\"twitter:card\" content=\"summary_large_image\" \/>\n<meta name=\"twitter:label1\" content=\"Verfasst von\" \/>\n\t<meta name=\"twitter:data1\" content=\"mellycoxadmin\" \/>\n\t<meta name=\"twitter:label2\" content=\"Gesch\u00e4tzte Lesezeit\" \/>\n\t<meta name=\"twitter:data2\" content=\"1\u00a0Minute\" \/>\n<script type=\"application\/ld+json\" class=\"yoast-schema-graph\">{\"@context\":\"https:\\\/\\\/schema.org\",\"@graph\":[{\"@type\":\"Article\",\"@id\":\"https:\\\/\\\/mellycox.de\\\/leichte-sprache\\\/pflegedienstleitung-m-w-d\\\/#article\",\"isPartOf\":{\"@id\":\"https:\\\/\\\/mellycox.de\\\/leichte-sprache\\\/pflegedienstleitung-m-w-d\\\/\"},\"author\":{\"name\":\"mellycoxadmin\",\"@id\":\"https:\\\/\\\/mellycox.de\\\/leichte-sprache\\\/#\\\/schema\\\/person\\\/1d237d28f2286801f335df63ffcd594c\"},\"headline\":\"Pflegedienstleitung (m\\\/w\\\/d)\",\"datePublished\":\"2026-02-17T17:30:00+00:00\",\"dateModified\":\"2026-02-17T17:30:18+00:00\",\"mainEntityOfPage\":{\"@id\":\"https:\\\/\\\/mellycox.de\\\/leichte-sprache\\\/pflegedienstleitung-m-w-d\\\/\"},\"wordCount\":250,\"commentCount\":0,\"publisher\":{\"@id\":\"https:\\\/\\\/mellycox.de\\\/leichte-sprache\\\/#organization\"},\"articleSection\":[\"Stellenangebot\"],\"inLanguage\":\"de\",\"potentialAction\":[{\"@type\":\"CommentAction\",\"name\":\"Comment\",\"target\":[\"https:\\\/\\\/mellycox.de\\\/leichte-sprache\\\/pflegedienstleitung-m-w-d\\\/#respond\"]}]},{\"@type\":\"WebPage\",\"@id\":\"https:\\\/\\\/mellycox.de\\\/leichte-sprache\\\/pflegedienstleitung-m-w-d\\\/\",\"url\":\"https:\\\/\\\/mellycox.de\\\/leichte-sprache\\\/pflegedienstleitung-m-w-d\\\/\",\"name\":\"Pflegedienstleitung (m\\\/w\\\/d) - MellyCox - Leichte Sprache\",\"isPartOf\":{\"@id\":\"https:\\\/\\\/mellycox.de\\\/leichte-sprache\\\/#website\"},\"datePublished\":\"2026-02-17T17:30:00+00:00\",\"dateModified\":\"2026-02-17T17:30:18+00:00\",\"breadcrumb\":{\"@id\":\"https:\\\/\\\/mellycox.de\\\/leichte-sprache\\\/pflegedienstleitung-m-w-d\\\/#breadcrumb\"},\"inLanguage\":\"de\",\"potentialAction\":[{\"@type\":\"ReadAction\",\"target\":[\"https:\\\/\\\/mellycox.de\\\/leichte-sprache\\\/pflegedienstleitung-m-w-d\\\/\"]}]},{\"@type\":\"BreadcrumbList\",\"@id\":\"https:\\\/\\\/mellycox.de\\\/leichte-sprache\\\/pflegedienstleitung-m-w-d\\\/#breadcrumb\",\"itemListElement\":[{\"@type\":\"ListItem\",\"position\":1,\"name\":\"Start\",\"item\":\"https:\\\/\\\/mellycox.de\\\/leichte-sprache\\\/\"},{\"@type\":\"ListItem\",\"position\":2,\"name\":\"Pflegedienstleitung (m\\\/w\\\/d)\"}]},{\"@type\":\"WebSite\",\"@id\":\"https:\\\/\\\/mellycox.de\\\/leichte-sprache\\\/#website\",\"url\":\"https:\\\/\\\/mellycox.de\\\/leichte-sprache\\\/\",\"name\":\"MellyCox - Leichte Sprache\",\"description\":\"\",\"publisher\":{\"@id\":\"https:\\\/\\\/mellycox.de\\\/leichte-sprache\\\/#organization\"},\"potentialAction\":[{\"@type\":\"SearchAction\",\"target\":{\"@type\":\"EntryPoint\",\"urlTemplate\":\"https:\\\/\\\/mellycox.de\\\/leichte-sprache\\\/?s={search_term_string}\"},\"query-input\":{\"@type\":\"PropertyValueSpecification\",\"valueRequired\":true,\"valueName\":\"search_term_string\"}}],\"inLanguage\":\"de\"},{\"@type\":\"Organization\",\"@id\":\"https:\\\/\\\/mellycox.de\\\/leichte-sprache\\\/#organization\",\"name\":\"MellyCox - Leichte Sprache\",\"url\":\"https:\\\/\\\/mellycox.de\\\/leichte-sprache\\\/\",\"logo\":{\"@type\":\"ImageObject\",\"inLanguage\":\"de\",\"@id\":\"https:\\\/\\\/mellycox.de\\\/leichte-sprache\\\/#\\\/schema\\\/logo\\\/image\\\/\",\"url\":\"https:\\\/\\\/mellycox.de\\\/leichte-sprache\\\/wp-content\\\/uploads\\\/sites\\\/2\\\/2025\\\/09\\\/mellycox_Logo_2025_quer-scaled.png\",\"contentUrl\":\"https:\\\/\\\/mellycox.de\\\/leichte-sprache\\\/wp-content\\\/uploads\\\/sites\\\/2\\\/2025\\\/09\\\/mellycox_Logo_2025_quer-scaled.png\",\"width\":2560,\"height\":729,\"caption\":\"MellyCox - Leichte Sprache\"},\"image\":{\"@id\":\"https:\\\/\\\/mellycox.de\\\/leichte-sprache\\\/#\\\/schema\\\/logo\\\/image\\\/\"}},{\"@type\":\"Person\",\"@id\":\"https:\\\/\\\/mellycox.de\\\/leichte-sprache\\\/#\\\/schema\\\/person\\\/1d237d28f2286801f335df63ffcd594c\",\"name\":\"mellycoxadmin\",\"sameAs\":[\"http:\\\/\\\/mellycox.de\\\/\"],\"url\":\"https:\\\/\\\/mellycox.de\\\/leichte-sprache\\\/author\\\/mellycoxadmin\\\/\"}]}<\/script>\n<!-- \/ Yoast SEO plugin. -->","yoast_head_json":{"title":"Pflegedienstleitung (m\/w\/d) - MellyCox - Leichte Sprache","robots":{"index":"index","follow":"follow","max-snippet":"max-snippet:-1","max-image-preview":"max-image-preview:large","max-video-preview":"max-video-preview:-1"},"canonical":"https:\/\/mellycox.de\/leichte-sprache\/pflegedienstleitung-m-w-d\/","og_locale":"de_DE","og_type":"article","og_title":"Pflegedienstleitung (m\/w\/d) - MellyCox - Leichte Sprache","og_description":"Pflegedienstleitung (m\/w\/d) Als Pflegedienstleitung \u00fcbernehmen Sie die fachliche, personelle und organisatorische Leitung unseres ambulanten Pflegedienstes. Ihr Ziel ist es, eine qualitativ hochwertige, bedarfsorientierte Versorgung unserer Kund*innen sicherzustellen und deren Lebensqualit\u00e4t sowie soziale Teilhabe bestm\u00f6glich zu f\u00f6rdern. Ihre Aufgaben: Ihr Profil: Wir bieten: Haben wir Ihr Interesse geweckt? Dann freuen wir uns auf Ihre aussagekr\u00e4ftige Bewerbung [&hellip;]","og_url":"https:\/\/mellycox.de\/leichte-sprache\/pflegedienstleitung-m-w-d\/","og_site_name":"MellyCox - Leichte Sprache","article_published_time":"2026-02-17T17:30:00+00:00","article_modified_time":"2026-02-17T17:30:18+00:00","author":"mellycoxadmin","twitter_card":"summary_large_image","twitter_misc":{"Verfasst von":"mellycoxadmin","Gesch\u00e4tzte Lesezeit":"1\u00a0Minute"},"schema":{"@context":"https:\/\/schema.org","@graph":[{"@type":"Article","@id":"https:\/\/mellycox.de\/leichte-sprache\/pflegedienstleitung-m-w-d\/#article","isPartOf":{"@id":"https:\/\/mellycox.de\/leichte-sprache\/pflegedienstleitung-m-w-d\/"},"author":{"name":"mellycoxadmin","@id":"https:\/\/mellycox.de\/leichte-sprache\/#\/schema\/person\/1d237d28f2286801f335df63ffcd594c"},"headline":"Pflegedienstleitung (m\/w\/d)","datePublished":"2026-02-17T17:30:00+00:00","dateModified":"2026-02-17T17:30:18+00:00","mainEntityOfPage":{"@id":"https:\/\/mellycox.de\/leichte-sprache\/pflegedienstleitung-m-w-d\/"},"wordCount":250,"commentCount":0,"publisher":{"@id":"https:\/\/mellycox.de\/leichte-sprache\/#organization"},"articleSection":["Stellenangebot"],"inLanguage":"de","potentialAction":[{"@type":"CommentAction","name":"Comment","target":["https:\/\/mellycox.de\/leichte-sprache\/pflegedienstleitung-m-w-d\/#respond"]}]},{"@type":"WebPage","@id":"https:\/\/mellycox.de\/leichte-sprache\/pflegedienstleitung-m-w-d\/","url":"https:\/\/mellycox.de\/leichte-sprache\/pflegedienstleitung-m-w-d\/","name":"Pflegedienstleitung (m\/w\/d) - MellyCox - Leichte Sprache","isPartOf":{"@id":"https:\/\/mellycox.de\/leichte-sprache\/#website"},"datePublished":"2026-02-17T17:30:00+00:00","dateModified":"2026-02-17T17:30:18+00:00","breadcrumb":{"@id":"https:\/\/mellycox.de\/leichte-sprache\/pflegedienstleitung-m-w-d\/#breadcrumb"},"inLanguage":"de","potentialAction":[{"@type":"ReadAction","target":["https:\/\/mellycox.de\/leichte-sprache\/pflegedienstleitung-m-w-d\/"]}]},{"@type":"BreadcrumbList","@id":"https:\/\/mellycox.de\/leichte-sprache\/pflegedienstleitung-m-w-d\/#breadcrumb","itemListElement":[{"@type":"ListItem","position":1,"name":"Start","item":"https:\/\/mellycox.de\/leichte-sprache\/"},{"@type":"ListItem","position":2,"name":"Pflegedienstleitung (m\/w\/d)"}]},{"@type":"WebSite","@id":"https:\/\/mellycox.de\/leichte-sprache\/#website","url":"https:\/\/mellycox.de\/leichte-sprache\/","name":"MellyCox - Leichte Sprache","description":"","publisher":{"@id":"https:\/\/mellycox.de\/leichte-sprache\/#organization"},"potentialAction":[{"@type":"SearchAction","target":{"@type":"EntryPoint","urlTemplate":"https:\/\/mellycox.de\/leichte-sprache\/?s={search_term_string}"},"query-input":{"@type":"PropertyValueSpecification","valueRequired":true,"valueName":"search_term_string"}}],"inLanguage":"de"},{"@type":"Organization","@id":"https:\/\/mellycox.de\/leichte-sprache\/#organization","name":"MellyCox - Leichte Sprache","url":"https:\/\/mellycox.de\/leichte-sprache\/","logo":{"@type":"ImageObject","inLanguage":"de","@id":"https:\/\/mellycox.de\/leichte-sprache\/#\/schema\/logo\/image\/","url":"https:\/\/mellycox.de\/leichte-sprache\/wp-content\/uploads\/sites\/2\/2025\/09\/mellycox_Logo_2025_quer-scaled.png","contentUrl":"https:\/\/mellycox.de\/leichte-sprache\/wp-content\/uploads\/sites\/2\/2025\/09\/mellycox_Logo_2025_quer-scaled.png","width":2560,"height":729,"caption":"MellyCox - Leichte Sprache"},"image":{"@id":"https:\/\/mellycox.de\/leichte-sprache\/#\/schema\/logo\/image\/"}},{"@type":"Person","@id":"https:\/\/mellycox.de\/leichte-sprache\/#\/schema\/person\/1d237d28f2286801f335df63ffcd594c","name":"mellycoxadmin","sameAs":["http:\/\/mellycox.de\/"],"url":"https:\/\/mellycox.de\/leichte-sprache\/author\/mellycoxadmin\/"}]}},"_links":{"self":[{"href":"https:\/\/mellycox.de\/leichte-sprache\/wp-json\/wp\/v2\/posts\/145","targetHints":{"allow":["GET"]}}],"collection":[{"href":"https:\/\/mellycox.de\/leichte-sprache\/wp-json\/wp\/v2\/posts"}],"about":[{"href":"https:\/\/mellycox.de\/leichte-sprache\/wp-json\/wp\/v2\/types\/post"}],"author":[{"embeddable":true,"href":"https:\/\/mellycox.de\/leichte-sprache\/wp-json\/wp\/v2\/users\/1"}],"replies":[{"embeddable":true,"href":"https:\/\/mellycox.de\/leichte-sprache\/wp-json\/wp\/v2\/comments?post=145"}],"version-history":[{"count":1,"href":"https:\/\/mellycox.de\/leichte-sprache\/wp-json\/wp\/v2\/posts\/145\/revisions"}],"predecessor-version":[{"id":146,"href":"https:\/\/mellycox.de\/leichte-sprache\/wp-json\/wp\/v2\/posts\/145\/revisions\/146"}],"wp:attachment":[{"href":"https:\/\/mellycox.de\/leichte-sprache\/wp-json\/wp\/v2\/media?parent=145"}],"wp:term":[{"taxonomy":"category","embeddable":true,"href":"https:\/\/mellycox.de\/leichte-sprache\/wp-json\/wp\/v2\/categories?post=145"},{"taxonomy":"post_tag","embeddable":true,"href":"https:\/\/mellycox.de\/leichte-sprache\/wp-json\/wp\/v2\/tags?post=145"}],"curies":[{"name":"wp","href":"https:\/\/api.w.org\/{rel}","templated":true}]}}